{"id":1288,"date":"2024-06-28T12:17:10","date_gmt":"2024-06-28T10:17:10","guid":{"rendered":"https:\/\/fincafideguet.com\/?p=1288"},"modified":"2024-06-28T12:17:12","modified_gmt":"2024-06-28T10:17:12","slug":"la-boda-de-maria-e-hilarion-una-celebracion-de-amor-en-finca-fideguet","status":"publish","type":"post","link":"https:\/\/fincafideguet.com\/en\/la-boda-de-maria-e-hilarion-una-celebracion-de-amor-en-finca-fideguet\/","title":{"rendered":"La Boda de Mar\u00eda e Hilari\u00f3n: Una Celebraci\u00f3n de Amor en Finca Fideg\u00fcet"},"content":{"rendered":"\n<h3 class=\"wp-block-heading\">La Boda de Mar\u00eda e Hilari\u00f3n: Una Celebraci\u00f3n de Amor en Finca Fideg\u00fcet<\/h3>\n\n\n\n<p>Mar\u00eda e Hilari\u00f3n, alegr\u00eda y cari\u00f1o a raudales. El d\u00eda estuvo marcado por una impecable organizaci\u00f3n y la participaci\u00f3n de un equipo de proveedores que hicieron de esta boda un evento inolvidable. La Finca Fideg\u00fcet, con sus espacios mediterr\u00e1neos cl\u00e1sicos y su encanto hist\u00f3rico, fue el escenario perfecto para esta celebraci\u00f3n.<\/p>\n\n\n\n<figure class=\"wp-block-image size-full\"><img fetchpriority=\"high\" decoding=\"async\" width=\"800\" height=\"534\" src=\"https:\/\/fincafideguet.com\/wp-content\/uploads\/2024\/06\/IMG_4615-1.jpeg\" alt=\"\" class=\"wp-image-1291\" srcset=\"https:\/\/fincafideguet.com\/wp-content\/uploads\/2024\/06\/IMG_4615-1.jpeg 800w, https:\/\/fincafideguet.com\/wp-content\/uploads\/2024\/06\/IMG_4615-1-300x200.jpeg 300w, https:\/\/fincafideguet.com\/wp-content\/uploads\/2024\/06\/IMG_4615-1-768x513.jpeg 768w\" sizes=\"(max-width: 800px) 100vw, 800px\" \/><\/figure>\n\n\n\n<h2 class=\"wp-block-heading\">Un Escenario Mediterr\u00e1neo Cl\u00e1sico en una Casa Solariega del Siglo XVIII<\/h2>\n\n\n\n<p>Mar\u00eda deslumbr\u00f3 en su vestido de Sedka Novias, una creaci\u00f3n minimalista que reflejaba tanto elegancia como delicadeza. Su maquillaje, realizado por Marila Est\u00e9tica, no solo realzaba su belleza natural, sino que tambi\u00e9n inclu\u00eda un glitter bar, a\u00f1adiendo un toque de diversi\u00f3n y brillo para los invitados.<\/p>\n\n\n\n<figure class=\"wp-block-image size-full\"><img decoding=\"async\" width=\"800\" height=\"533\" src=\"https:\/\/fincafideguet.com\/wp-content\/uploads\/2024\/06\/maria-hilarion-fideguet.jpeg\" alt=\"\" class=\"wp-image-1293\" srcset=\"https:\/\/fincafideguet.com\/wp-content\/uploads\/2024\/06\/maria-hilarion-fideguet.jpeg 800w, https:\/\/fincafideguet.com\/wp-content\/uploads\/2024\/06\/maria-hilarion-fideguet-300x200.jpeg 300w, https:\/\/fincafideguet.com\/wp-content\/uploads\/2024\/06\/maria-hilarion-fideguet-768x512.jpeg 768w\" sizes=\"(max-width: 800px) 100vw, 800px\" \/><\/figure>\n\n\n\n<p> El peinado, a cargo de Arsenio Peluquer\u00eda, complement\u00f3 a la perfecci\u00f3n el look nupcial con un recogido tipo mo\u00f1o deshecho, destacando un estilo rom\u00e1ntico que era el favorito de Mar\u00eda.<\/p>\n\n\n\n<figure class=\"wp-block-image size-large\"><img decoding=\"async\" width=\"683\" height=\"1024\" src=\"https:\/\/fincafideguet.com\/wp-content\/uploads\/2024\/06\/maria-hilarion-4-683x1024.jpeg\" alt=\"\" class=\"wp-image-1295\" srcset=\"https:\/\/fincafideguet.com\/wp-content\/uploads\/2024\/06\/maria-hilarion-4-683x1024.jpeg 683w, https:\/\/fincafideguet.com\/wp-content\/uploads\/2024\/06\/maria-hilarion-4-200x300.jpeg 200w, https:\/\/fincafideguet.com\/wp-content\/uploads\/2024\/06\/maria-hilarion-4-768x1152.jpeg 768w, https:\/\/fincafideguet.com\/wp-content\/uploads\/2024\/06\/maria-hilarion-4.jpeg 800w\" sizes=\"(max-width: 683px) 100vw, 683px\" \/><\/figure>\n\n\n\n<p>El ambiente de la Finca Fideg\u00fcet fue transformado gracias al talento de Pascual Medel, quien se encarg\u00f3 del ramo, las flores, el seating y toda la decoraci\u00f3n floral. <\/p>\n\n\n\n<figure class=\"wp-block-image size-full\"><img loading=\"lazy\" decoding=\"async\" width=\"1000\" height=\"667\" src=\"https:\/\/fincafideguet.com\/wp-content\/uploads\/2024\/06\/IMG_4145-1.jpeg\" alt=\"\" class=\"wp-image-1297\" srcset=\"https:\/\/fincafideguet.com\/wp-content\/uploads\/2024\/06\/IMG_4145-1.jpeg 1000w, https:\/\/fincafideguet.com\/wp-content\/uploads\/2024\/06\/IMG_4145-1-300x200.jpeg 300w, https:\/\/fincafideguet.com\/wp-content\/uploads\/2024\/06\/IMG_4145-1-768x512.jpeg 768w\" sizes=\"(max-width: 1000px) 100vw, 1000px\" \/><\/figure>\n\n\n\n<p>Cada rinc\u00f3n del lugar reflejaba un cuidado exquisito por los detalles, con arreglos florales que a\u00f1ad\u00edan color y vida al evento. Especial menci\u00f3n merece la decoraci\u00f3n de la escalera principal, donde los novios hicieron su aparici\u00f3n durante el c\u00f3ctel.<\/p>\n\n\n\n<figure class=\"wp-block-image size-large\"><img loading=\"lazy\" decoding=\"async\" width=\"683\" height=\"1024\" src=\"https:\/\/fincafideguet.com\/wp-content\/uploads\/2024\/06\/IMG_4469-683x1024.jpeg\" alt=\"\" class=\"wp-image-1299\" srcset=\"https:\/\/fincafideguet.com\/wp-content\/uploads\/2024\/06\/IMG_4469-683x1024.jpeg 683w, https:\/\/fincafideguet.com\/wp-content\/uploads\/2024\/06\/IMG_4469-200x300.jpeg 200w, https:\/\/fincafideguet.com\/wp-content\/uploads\/2024\/06\/IMG_4469-768x1151.jpeg 768w, https:\/\/fincafideguet.com\/wp-content\/uploads\/2024\/06\/IMG_4469.jpeg 800w\" sizes=\"(max-width: 683px) 100vw, 683px\" \/><\/figure>\n\n\n\n<p>Sergio L\u00f3pez, el fot\u00f3grafo de la boda, captur\u00f3 cada momento significativo con su c\u00e1mara, asegur\u00e1ndose de que cada sonrisa y l\u00e1grima de alegr\u00eda fueran inmortalizadas. Nerea Trabaldi, la vide\u00f3grafa, complement\u00f3 este trabajo documentando en v\u00eddeo cada instante emotivo, creando un recuerdo vivo y vibrante para la pareja.<\/p>\n\n\n\n<figure class=\"wp-block-image size-large\"><img loading=\"lazy\" decoding=\"async\" width=\"683\" height=\"1024\" src=\"https:\/\/fincafideguet.com\/wp-content\/uploads\/2024\/06\/1717964424253-683x1024.jpeg\" alt=\"\" class=\"wp-image-1313\" srcset=\"https:\/\/fincafideguet.com\/wp-content\/uploads\/2024\/06\/1717964424253-683x1024.jpeg 683w, https:\/\/fincafideguet.com\/wp-content\/uploads\/2024\/06\/1717964424253-200x300.jpeg 200w, https:\/\/fincafideguet.com\/wp-content\/uploads\/2024\/06\/1717964424253-768x1152.jpeg 768w, https:\/\/fincafideguet.com\/wp-content\/uploads\/2024\/06\/1717964424253.jpeg 800w\" sizes=\"(max-width: 683px) 100vw, 683px\" \/><\/figure>\n\n\n\n<p>Hilari\u00f3n, por su parte, luci\u00f3 impecable con un traje de El Corte Ingl\u00e9s Silbon, un atuendo que destacaba su elegancia y buen gusto. El catering estuvo a cargo de El Xato, que ofreci\u00f3 un banquete excepcional, deleitando a todos los asistentes con platos exquisitos y un servicio impecable.<\/p>\n\n\n\n<figure class=\"wp-block-image size-large\"><img loading=\"lazy\" decoding=\"async\" width=\"683\" height=\"1024\" src=\"https:\/\/fincafideguet.com\/wp-content\/uploads\/2024\/06\/IMG_4632-683x1024.jpeg\" alt=\"\" class=\"wp-image-1305\" srcset=\"https:\/\/fincafideguet.com\/wp-content\/uploads\/2024\/06\/IMG_4632-683x1024.jpeg 683w, https:\/\/fincafideguet.com\/wp-content\/uploads\/2024\/06\/IMG_4632-200x300.jpeg 200w, https:\/\/fincafideguet.com\/wp-content\/uploads\/2024\/06\/IMG_4632-768x1151.jpeg 768w, https:\/\/fincafideguet.com\/wp-content\/uploads\/2024\/06\/IMG_4632.jpeg 800w\" sizes=\"(max-width: 683px) 100vw, 683px\" \/><\/figure>\n\n\n\n<p>Uno de los momentos m\u00e1s especiales de la boda fue la participaci\u00f3n de Mujer Jard\u00edn, quien realiz\u00f3 ilustraciones en directo, capturando la esencia de los invitados y de la pareja en sus dibujos, proporcionando un toque \u00fanico y art\u00edstico a la celebraci\u00f3n. La m\u00fasica en directo estuvo a cargo de Novecento, cuyo talento musical cre\u00f3 una atm\u00f3sfera m\u00e1gica y entretenida.<\/p>\n\n\n\n<figure class=\"wp-block-image size-full\"><img loading=\"lazy\" decoding=\"async\" width=\"800\" height=\"533\" src=\"https:\/\/fincafideguet.com\/wp-content\/uploads\/2024\/06\/1717964424473.jpeg\" alt=\"\" class=\"wp-image-1307\" srcset=\"https:\/\/fincafideguet.com\/wp-content\/uploads\/2024\/06\/1717964424473.jpeg 800w, https:\/\/fincafideguet.com\/wp-content\/uploads\/2024\/06\/1717964424473-300x200.jpeg 300w, https:\/\/fincafideguet.com\/wp-content\/uploads\/2024\/06\/1717964424473-768x512.jpeg 768w\" sizes=\"(max-width: 800px) 100vw, 800px\" \/><\/figure>\n\n\n\n<p> La pista de baile se llen\u00f3 de energ\u00eda y alegr\u00eda, haciendo que todos los presentes se unieran en una celebraci\u00f3n de amor y felicidad.<\/p>\n\n\n\n<p>El Grupo Valcres se encarg\u00f3 del sonido e iluminaci\u00f3n, asegur\u00e1ndose de que cada discurso y cada canci\u00f3n se escuchara a la perfecci\u00f3n, y que la iluminaci\u00f3n realzara la belleza del lugar y de cada momento vivido. La boda de Mar\u00eda e Hilari\u00f3n en la Finca Fideg\u00fcet de Alicante fue una celebraci\u00f3n maravillosa que dej\u00f3 un recuerdo imborrable en todos los presentes.<\/p>\n\n\n\n<figure class=\"wp-block-image size-full\"><img loading=\"lazy\" decoding=\"async\" width=\"800\" height=\"533\" src=\"https:\/\/fincafideguet.com\/wp-content\/uploads\/2024\/06\/maria-hilarion.jpeg\" alt=\"\" class=\"wp-image-1309\" srcset=\"https:\/\/fincafideguet.com\/wp-content\/uploads\/2024\/06\/maria-hilarion.jpeg 800w, https:\/\/fincafideguet.com\/wp-content\/uploads\/2024\/06\/maria-hilarion-300x200.jpeg 300w, https:\/\/fincafideguet.com\/wp-content\/uploads\/2024\/06\/maria-hilarion-768x512.jpeg 768w\" sizes=\"(max-width: 800px) 100vw, 800px\" \/><\/figure>\n\n\n\n<figure class=\"wp-block-image size-full\"><img loading=\"lazy\" decoding=\"async\" width=\"800\" height=\"533\" src=\"https:\/\/fincafideguet.com\/wp-content\/uploads\/2024\/06\/1717964424437-1.jpeg\" alt=\"\" class=\"wp-image-1301\" srcset=\"https:\/\/fincafideguet.com\/wp-content\/uploads\/2024\/06\/1717964424437-1.jpeg 800w, https:\/\/fincafideguet.com\/wp-content\/uploads\/2024\/06\/1717964424437-1-300x200.jpeg 300w, https:\/\/fincafideguet.com\/wp-content\/uploads\/2024\/06\/1717964424437-1-768x512.jpeg 768w\" sizes=\"(max-width: 800px) 100vw, 800px\" \/><\/figure>\n\n\n\n<p>Un momento especialmente emotivo fue cuando los novios entregaron unos preciosos ramos a sus respectivas abuelas, un gesto que conmovi\u00f3 a todos los asistentes y qued\u00f3 plasmado en las hermosas fotograf\u00edas. <\/p>\n\n\n\n<figure class=\"wp-block-image size-full\"><img loading=\"lazy\" decoding=\"async\" width=\"800\" height=\"534\" src=\"https:\/\/fincafideguet.com\/wp-content\/uploads\/2024\/06\/IMG_4503.jpeg\" alt=\"\" class=\"wp-image-1311\" srcset=\"https:\/\/fincafideguet.com\/wp-content\/uploads\/2024\/06\/IMG_4503.jpeg 800w, https:\/\/fincafideguet.com\/wp-content\/uploads\/2024\/06\/IMG_4503-300x200.jpeg 300w, https:\/\/fincafideguet.com\/wp-content\/uploads\/2024\/06\/IMG_4503-768x513.jpeg 768w\" sizes=\"(max-width: 800px) 100vw, 800px\" \/><\/figure>\n\n\n\n<p>La colaboraci\u00f3n de proveedores tan profesionales y dedicados hizo posible que cada detalle fuera perfecto, permitiendo que la pareja disfrutara de su d\u00eda al m\u00e1ximo, rodeados de sus seres queridos en un entorno m\u00e1gico y encantador.<\/p>\n\n\n\n<figure class=\"wp-block-image size-large\"><img loading=\"lazy\" decoding=\"async\" width=\"683\" height=\"1024\" src=\"https:\/\/fincafideguet.com\/wp-content\/uploads\/2024\/06\/IMG_4160-683x1024.jpeg\" alt=\"\" class=\"wp-image-1315\" srcset=\"https:\/\/fincafideguet.com\/wp-content\/uploads\/2024\/06\/IMG_4160-683x1024.jpeg 683w, https:\/\/fincafideguet.com\/wp-content\/uploads\/2024\/06\/IMG_4160-200x300.jpeg 200w, https:\/\/fincafideguet.com\/wp-content\/uploads\/2024\/06\/IMG_4160-768x1151.jpeg 768w, https:\/\/fincafideguet.com\/wp-content\/uploads\/2024\/06\/IMG_4160.jpeg 800w\" sizes=\"(max-width: 683px) 100vw, 683px\" \/><\/figure>\n\n\n\n<ul class=\"wp-block-list\">\n<li>Vestido de la novia: Sedka Novias @sedka_novias<\/li>\n\n\n\n<li>Maquillaje y glitter bar: Marila Est\u00e9tica @marilaestetica<\/li>\n\n\n\n<li>Peluquer\u00eda: Arsenio Peluquer\u00eda @arseniopeluqueros<\/li>\n\n\n\n<li>Ramo, flores y decoraci\u00f3n: Pascual Medel @pascualmedel<\/li>\n\n\n\n<li>Fot\u00f3grafo: Sergio L\u00f3pez @sergiolopezfotografia<\/li>\n\n\n\n<li>Traje del novio: El Corte Ingl\u00e9s Silbon<\/li>\n\n\n\n<li>Catering: El Xato @elxatoevents<\/li>\n\n\n\n<li>Vide\u00f3grafa: Nerea Trabaldi @nerea_trabaldi<\/li>\n\n\n\n<li>Ilustraciones en directo: Mujer Jard\u00edn @mujerjardinatelier<\/li>\n\n\n\n<li>Sonido e iluminaci\u00f3n: Grupo Valcres @grupovalcres<\/li>\n\n\n\n<li>M\u00fasica en directo: Novecento @novecento_alicante<\/li>\n<\/ul>\n","protected":false},"excerpt":{"rendered":"<p>La Boda de Mar\u00eda e Hilari\u00f3n: Una Celebraci\u00f3n de Amor en Finca Fideg\u00fcet Mar\u00eda e Hilari\u00f3n, alegr\u00eda y cari\u00f1o a raudales. El d\u00eda estuvo marcado por una impecable organizaci\u00f3n y la participaci\u00f3n de un equipo de proveedores que hicieron de esta boda un evento inolvidable. La Finca Fideg\u00fcet, con sus espacios mediterr\u00e1neos cl\u00e1sicos y su [&hellip;]<\/p>\n","protected":false},"author":2,"featured_media":1289,"comment_status":"open","ping_status":"open","sticky":false,"template":"","format":"standard","meta":{"footnotes":""},"categories":[2],"tags":[15,22,21,3,90],"class_list":["post-1288","post","type-post","status-publish","format-standard","has-post-thumbnail","hentry","category-finca-fideguet","tag-bodas-2024","tag-bodas-en-alicante","tag-bodas-mediterraneas","tag-finca-fideguet","tag-maria-e-hilarion"],"yoast_head":"<!-- This site is optimized with the Yoast SEO plugin v27.0 - https:\/\/yoast.com\/product\/yoast-seo-wordpress\/ -->\n<title>La Boda de Mar\u00eda e Hilari\u00f3n: Una Celebraci\u00f3n de Amor en Finca Fideg\u00fcet - Finca Fideguet<\/title>\n<meta name=\"description\" content=\"La Finca Fideg\u00fcet,en Alicante, con sus espacios mediterr\u00e1neos cl\u00e1sicos , fue el escenario perfecto para esta celebraci\u00f3n.\" \/>\n<meta name=\"robots\" content=\"index, follow, max-snippet:-1, max-image-preview:large, max-video-preview:-1\" \/>\n<link rel=\"canonical\" href=\"https:\/\/fincafideguet.com\/en\/la-boda-de-maria-e-hilarion-una-celebracion-de-amor-en-finca-fideguet\/\" \/>\n<meta property=\"og:locale\" content=\"en_US\" \/>\n<meta property=\"og:type\" content=\"article\" \/>\n<meta property=\"og:title\" content=\"La Boda de Mar\u00eda e Hilari\u00f3n: Una Celebraci\u00f3n de Amor en Finca Fideg\u00fcet - Finca Fideguet\" \/>\n<meta property=\"og:description\" content=\"La Finca Fideg\u00fcet,en Alicante, con sus espacios mediterr\u00e1neos cl\u00e1sicos , fue el escenario perfecto para esta celebraci\u00f3n.\" \/>\n<meta property=\"og:url\" content=\"https:\/\/fincafideguet.com\/en\/la-boda-de-maria-e-hilarion-una-celebracion-de-amor-en-finca-fideguet\/\" \/>\n<meta property=\"og:site_name\" content=\"Finca Fideguet\" \/>\n<meta property=\"article:published_time\" content=\"2024-06-28T10:17:10+00:00\" \/>\n<meta property=\"article:modified_time\" content=\"2024-06-28T10:17:12+00:00\" \/>\n<meta property=\"og:image\" content=\"https:\/\/fincafideguet.com\/wp-content\/uploads\/2024\/06\/maria-hilarion-fideguet3-e1719569516667.jpeg\" \/>\n\t<meta property=\"og:image:width\" content=\"700\" \/>\n\t<meta property=\"og:image:height\" content=\"1050\" \/>\n\t<meta property=\"og:image:type\" content=\"image\/jpeg\" \/>\n<meta name=\"author\" content=\"fideguet\" \/>\n<meta name=\"twitter:card\" content=\"summary_large_image\" \/>\n<meta name=\"twitter:label1\" content=\"Written by\" \/>\n\t<meta name=\"twitter:data1\" content=\"fideguet\" \/>\n\t<meta name=\"twitter:label2\" content=\"Est. reading time\" \/>\n\t<meta name=\"twitter:data2\" content=\"6 minutes\" \/>\n<script type=\"application\/ld+json\" class=\"yoast-schema-graph\">{\"@context\":\"https:\/\/schema.org\",\"@graph\":[{\"@type\":\"Article\",\"@id\":\"https:\/\/fincafideguet.com\/en\/la-boda-de-maria-e-hilarion-una-celebracion-de-amor-en-finca-fideguet\/#article\",\"isPartOf\":{\"@id\":\"https:\/\/fincafideguet.com\/en\/la-boda-de-maria-e-hilarion-una-celebracion-de-amor-en-finca-fideguet\/\"},\"author\":{\"name\":\"fideguet\",\"@id\":\"https:\/\/fincafideguet.com\/en\/#\/schema\/person\/1df6280c9333868627068e21f24b8f47\"},\"headline\":\"La Boda de Mar\u00eda e Hilari\u00f3n: Una Celebraci\u00f3n de Amor en Finca Fideg\u00fcet\",\"datePublished\":\"2024-06-28T10:17:10+00:00\",\"dateModified\":\"2024-06-28T10:17:12+00:00\",\"mainEntityOfPage\":{\"@id\":\"https:\/\/fincafideguet.com\/en\/la-boda-de-maria-e-hilarion-una-celebracion-de-amor-en-finca-fideguet\/\"},\"wordCount\":691,\"commentCount\":0,\"image\":{\"@id\":\"https:\/\/fincafideguet.com\/en\/la-boda-de-maria-e-hilarion-una-celebracion-de-amor-en-finca-fideguet\/#primaryimage\"},\"thumbnailUrl\":\"https:\/\/fincafideguet.com\/wp-content\/uploads\/2024\/06\/maria-hilarion-fideguet3-e1719569516667.jpeg\",\"keywords\":[\"Bodas 2024\",\"Bodas en Alicante\",\"Bodas Mediterr\u00e1neas\",\"Finca Fideguet\",\"Mar\u00eda e Hilari\u00f3n\"],\"articleSection\":[\"FInca Fideguet\"],\"inLanguage\":\"en-US\",\"potentialAction\":[{\"@type\":\"CommentAction\",\"name\":\"Comment\",\"target\":[\"https:\/\/fincafideguet.com\/en\/la-boda-de-maria-e-hilarion-una-celebracion-de-amor-en-finca-fideguet\/#respond\"]}]},{\"@type\":\"WebPage\",\"@id\":\"https:\/\/fincafideguet.com\/en\/la-boda-de-maria-e-hilarion-una-celebracion-de-amor-en-finca-fideguet\/\",\"url\":\"https:\/\/fincafideguet.com\/en\/la-boda-de-maria-e-hilarion-una-celebracion-de-amor-en-finca-fideguet\/\",\"name\":\"La Boda de Mar\u00eda e Hilari\u00f3n: Una Celebraci\u00f3n de Amor en Finca Fideg\u00fcet - Finca Fideguet\",\"isPartOf\":{\"@id\":\"https:\/\/fincafideguet.com\/en\/#website\"},\"primaryImageOfPage\":{\"@id\":\"https:\/\/fincafideguet.com\/en\/la-boda-de-maria-e-hilarion-una-celebracion-de-amor-en-finca-fideguet\/#primaryimage\"},\"image\":{\"@id\":\"https:\/\/fincafideguet.com\/en\/la-boda-de-maria-e-hilarion-una-celebracion-de-amor-en-finca-fideguet\/#primaryimage\"},\"thumbnailUrl\":\"https:\/\/fincafideguet.com\/wp-content\/uploads\/2024\/06\/maria-hilarion-fideguet3-e1719569516667.jpeg\",\"datePublished\":\"2024-06-28T10:17:10+00:00\",\"dateModified\":\"2024-06-28T10:17:12+00:00\",\"author\":{\"@id\":\"https:\/\/fincafideguet.com\/en\/#\/schema\/person\/1df6280c9333868627068e21f24b8f47\"},\"description\":\"La Finca Fideg\u00fcet,en Alicante, con sus espacios mediterr\u00e1neos cl\u00e1sicos , fue el escenario perfecto para esta celebraci\u00f3n.\",\"breadcrumb\":{\"@id\":\"https:\/\/fincafideguet.com\/en\/la-boda-de-maria-e-hilarion-una-celebracion-de-amor-en-finca-fideguet\/#breadcrumb\"},\"inLanguage\":\"en-US\",\"potentialAction\":[{\"@type\":\"ReadAction\",\"target\":[\"https:\/\/fincafideguet.com\/en\/la-boda-de-maria-e-hilarion-una-celebracion-de-amor-en-finca-fideguet\/\"]}]},{\"@type\":\"ImageObject\",\"inLanguage\":\"en-US\",\"@id\":\"https:\/\/fincafideguet.com\/en\/la-boda-de-maria-e-hilarion-una-celebracion-de-amor-en-finca-fideguet\/#primaryimage\",\"url\":\"https:\/\/fincafideguet.com\/wp-content\/uploads\/2024\/06\/maria-hilarion-fideguet3-e1719569516667.jpeg\",\"contentUrl\":\"https:\/\/fincafideguet.com\/wp-content\/uploads\/2024\/06\/maria-hilarion-fideguet3-e1719569516667.jpeg\",\"width\":700,\"height\":1050},{\"@type\":\"BreadcrumbList\",\"@id\":\"https:\/\/fincafideguet.com\/en\/la-boda-de-maria-e-hilarion-una-celebracion-de-amor-en-finca-fideguet\/#breadcrumb\",\"itemListElement\":[{\"@type\":\"ListItem\",\"position\":1,\"name\":\"Home\",\"item\":\"https:\/\/fincafideguet.com\/en\/\"},{\"@type\":\"ListItem\",\"position\":2,\"name\":\"La Boda de Mar\u00eda e Hilari\u00f3n: Una Celebraci\u00f3n de Amor en Finca Fideg\u00fcet\"}]},{\"@type\":\"WebSite\",\"@id\":\"https:\/\/fincafideguet.com\/en\/#website\",\"url\":\"https:\/\/fincafideguet.com\/en\/\",\"name\":\"Finca Fideguet\",\"description\":\"Finca para bodas y eventos en Alicante, San Juan\",\"potentialAction\":[{\"@type\":\"SearchAction\",\"target\":{\"@type\":\"EntryPoint\",\"urlTemplate\":\"https:\/\/fincafideguet.com\/en\/?s={search_term_string}\"},\"query-input\":{\"@type\":\"PropertyValueSpecification\",\"valueRequired\":true,\"valueName\":\"search_term_string\"}}],\"inLanguage\":\"en-US\"},{\"@type\":\"Person\",\"@id\":\"https:\/\/fincafideguet.com\/en\/#\/schema\/person\/1df6280c9333868627068e21f24b8f47\",\"name\":\"fideguet\",\"image\":{\"@type\":\"ImageObject\",\"inLanguage\":\"en-US\",\"@id\":\"https:\/\/fincafideguet.com\/en\/#\/schema\/person\/image\/\",\"url\":\"https:\/\/secure.gravatar.com\/avatar\/94a7a1b17b4edff9384ecb6bfb11d9ea58e92f9a5afa72399cc2f37d5a444b42?s=96&d=mm&r=g\",\"contentUrl\":\"https:\/\/secure.gravatar.com\/avatar\/94a7a1b17b4edff9384ecb6bfb11d9ea58e92f9a5afa72399cc2f37d5a444b42?s=96&d=mm&r=g\",\"caption\":\"fideguet\"},\"url\":\"https:\/\/fincafideguet.com\/en\/author\/fideguet\/\"}]}<\/script>\n<!-- \/ Yoast SEO plugin. -->","yoast_head_json":{"title":"La Boda de Mar\u00eda e Hilari\u00f3n: Una Celebraci\u00f3n de Amor en Finca Fideg\u00fcet - Finca Fideguet","description":"La Finca Fideg\u00fcet,en Alicante, con sus espacios mediterr\u00e1neos cl\u00e1sicos , fue el escenario perfecto para esta celebraci\u00f3n.","robots":{"index":"index","follow":"follow","max-snippet":"max-snippet:-1","max-image-preview":"max-image-preview:large","max-video-preview":"max-video-preview:-1"},"canonical":"https:\/\/fincafideguet.com\/en\/la-boda-de-maria-e-hilarion-una-celebracion-de-amor-en-finca-fideguet\/","og_locale":"en_US","og_type":"article","og_title":"La Boda de Mar\u00eda e Hilari\u00f3n: Una Celebraci\u00f3n de Amor en Finca Fideg\u00fcet - Finca Fideguet","og_description":"La Finca Fideg\u00fcet,en Alicante, con sus espacios mediterr\u00e1neos cl\u00e1sicos , fue el escenario perfecto para esta celebraci\u00f3n.","og_url":"https:\/\/fincafideguet.com\/en\/la-boda-de-maria-e-hilarion-una-celebracion-de-amor-en-finca-fideguet\/","og_site_name":"Finca Fideguet","article_published_time":"2024-06-28T10:17:10+00:00","article_modified_time":"2024-06-28T10:17:12+00:00","og_image":[{"width":700,"height":1050,"url":"https:\/\/fincafideguet.com\/wp-content\/uploads\/2024\/06\/maria-hilarion-fideguet3-e1719569516667.jpeg","type":"image\/jpeg"}],"author":"fideguet","twitter_card":"summary_large_image","twitter_misc":{"Written by":"fideguet","Est. reading time":"6 minutes"},"schema":{"@context":"https:\/\/schema.org","@graph":[{"@type":"Article","@id":"https:\/\/fincafideguet.com\/en\/la-boda-de-maria-e-hilarion-una-celebracion-de-amor-en-finca-fideguet\/#article","isPartOf":{"@id":"https:\/\/fincafideguet.com\/en\/la-boda-de-maria-e-hilarion-una-celebracion-de-amor-en-finca-fideguet\/"},"author":{"name":"fideguet","@id":"https:\/\/fincafideguet.com\/en\/#\/schema\/person\/1df6280c9333868627068e21f24b8f47"},"headline":"La Boda de Mar\u00eda e Hilari\u00f3n: Una Celebraci\u00f3n de Amor en Finca Fideg\u00fcet","datePublished":"2024-06-28T10:17:10+00:00","dateModified":"2024-06-28T10:17:12+00:00","mainEntityOfPage":{"@id":"https:\/\/fincafideguet.com\/en\/la-boda-de-maria-e-hilarion-una-celebracion-de-amor-en-finca-fideguet\/"},"wordCount":691,"commentCount":0,"image":{"@id":"https:\/\/fincafideguet.com\/en\/la-boda-de-maria-e-hilarion-una-celebracion-de-amor-en-finca-fideguet\/#primaryimage"},"thumbnailUrl":"https:\/\/fincafideguet.com\/wp-content\/uploads\/2024\/06\/maria-hilarion-fideguet3-e1719569516667.jpeg","keywords":["Bodas 2024","Bodas en Alicante","Bodas Mediterr\u00e1neas","Finca Fideguet","Mar\u00eda e Hilari\u00f3n"],"articleSection":["FInca Fideguet"],"inLanguage":"en-US","potentialAction":[{"@type":"CommentAction","name":"Comment","target":["https:\/\/fincafideguet.com\/en\/la-boda-de-maria-e-hilarion-una-celebracion-de-amor-en-finca-fideguet\/#respond"]}]},{"@type":"WebPage","@id":"https:\/\/fincafideguet.com\/en\/la-boda-de-maria-e-hilarion-una-celebracion-de-amor-en-finca-fideguet\/","url":"https:\/\/fincafideguet.com\/en\/la-boda-de-maria-e-hilarion-una-celebracion-de-amor-en-finca-fideguet\/","name":"La Boda de Mar\u00eda e Hilari\u00f3n: Una Celebraci\u00f3n de Amor en Finca Fideg\u00fcet - Finca Fideguet","isPartOf":{"@id":"https:\/\/fincafideguet.com\/en\/#website"},"primaryImageOfPage":{"@id":"https:\/\/fincafideguet.com\/en\/la-boda-de-maria-e-hilarion-una-celebracion-de-amor-en-finca-fideguet\/#primaryimage"},"image":{"@id":"https:\/\/fincafideguet.com\/en\/la-boda-de-maria-e-hilarion-una-celebracion-de-amor-en-finca-fideguet\/#primaryimage"},"thumbnailUrl":"https:\/\/fincafideguet.com\/wp-content\/uploads\/2024\/06\/maria-hilarion-fideguet3-e1719569516667.jpeg","datePublished":"2024-06-28T10:17:10+00:00","dateModified":"2024-06-28T10:17:12+00:00","author":{"@id":"https:\/\/fincafideguet.com\/en\/#\/schema\/person\/1df6280c9333868627068e21f24b8f47"},"description":"La Finca Fideg\u00fcet,en Alicante, con sus espacios mediterr\u00e1neos cl\u00e1sicos , fue el escenario perfecto para esta celebraci\u00f3n.","breadcrumb":{"@id":"https:\/\/fincafideguet.com\/en\/la-boda-de-maria-e-hilarion-una-celebracion-de-amor-en-finca-fideguet\/#breadcrumb"},"inLanguage":"en-US","potentialAction":[{"@type":"ReadAction","target":["https:\/\/fincafideguet.com\/en\/la-boda-de-maria-e-hilarion-una-celebracion-de-amor-en-finca-fideguet\/"]}]},{"@type":"ImageObject","inLanguage":"en-US","@id":"https:\/\/fincafideguet.com\/en\/la-boda-de-maria-e-hilarion-una-celebracion-de-amor-en-finca-fideguet\/#primaryimage","url":"https:\/\/fincafideguet.com\/wp-content\/uploads\/2024\/06\/maria-hilarion-fideguet3-e1719569516667.jpeg","contentUrl":"https:\/\/fincafideguet.com\/wp-content\/uploads\/2024\/06\/maria-hilarion-fideguet3-e1719569516667.jpeg","width":700,"height":1050},{"@type":"BreadcrumbList","@id":"https:\/\/fincafideguet.com\/en\/la-boda-de-maria-e-hilarion-una-celebracion-de-amor-en-finca-fideguet\/#breadcrumb","itemListElement":[{"@type":"ListItem","position":1,"name":"Home","item":"https:\/\/fincafideguet.com\/en\/"},{"@type":"ListItem","position":2,"name":"La Boda de Mar\u00eda e Hilari\u00f3n: Una Celebraci\u00f3n de Amor en Finca Fideg\u00fcet"}]},{"@type":"WebSite","@id":"https:\/\/fincafideguet.com\/en\/#website","url":"https:\/\/fincafideguet.com\/en\/","name":"Finca Fideguet","description":"Finca para bodas y eventos en Alicante, San Juan","potentialAction":[{"@type":"SearchAction","target":{"@type":"EntryPoint","urlTemplate":"https:\/\/fincafideguet.com\/en\/?s={search_term_string}"},"query-input":{"@type":"PropertyValueSpecification","valueRequired":true,"valueName":"search_term_string"}}],"inLanguage":"en-US"},{"@type":"Person","@id":"https:\/\/fincafideguet.com\/en\/#\/schema\/person\/1df6280c9333868627068e21f24b8f47","name":"fideguet","image":{"@type":"ImageObject","inLanguage":"en-US","@id":"https:\/\/fincafideguet.com\/en\/#\/schema\/person\/image\/","url":"https:\/\/secure.gravatar.com\/avatar\/94a7a1b17b4edff9384ecb6bfb11d9ea58e92f9a5afa72399cc2f37d5a444b42?s=96&d=mm&r=g","contentUrl":"https:\/\/secure.gravatar.com\/avatar\/94a7a1b17b4edff9384ecb6bfb11d9ea58e92f9a5afa72399cc2f37d5a444b42?s=96&d=mm&r=g","caption":"fideguet"},"url":"https:\/\/fincafideguet.com\/en\/author\/fideguet\/"}]}},"_links":{"self":[{"href":"https:\/\/fincafideguet.com\/en\/wp-json\/wp\/v2\/posts\/1288","targetHints":{"allow":["GET"]}}],"collection":[{"href":"https:\/\/fincafideguet.com\/en\/wp-json\/wp\/v2\/posts"}],"about":[{"href":"https:\/\/fincafideguet.com\/en\/wp-json\/wp\/v2\/types\/post"}],"author":[{"embeddable":true,"href":"https:\/\/fincafideguet.com\/en\/wp-json\/wp\/v2\/users\/2"}],"replies":[{"embeddable":true,"href":"https:\/\/fincafideguet.com\/en\/wp-json\/wp\/v2\/comments?post=1288"}],"version-history":[{"count":1,"href":"https:\/\/fincafideguet.com\/en\/wp-json\/wp\/v2\/posts\/1288\/revisions"}],"predecessor-version":[{"id":1317,"href":"https:\/\/fincafideguet.com\/en\/wp-json\/wp\/v2\/posts\/1288\/revisions\/1317"}],"wp:featuredmedia":[{"embeddable":true,"href":"https:\/\/fincafideguet.com\/en\/wp-json\/wp\/v2\/media\/1289"}],"wp:attachment":[{"href":"https:\/\/fincafideguet.com\/en\/wp-json\/wp\/v2\/media?parent=1288"}],"wp:term":[{"taxonomy":"category","embeddable":true,"href":"https:\/\/fincafideguet.com\/en\/wp-json\/wp\/v2\/categories?post=1288"},{"taxonomy":"post_tag","embeddable":true,"href":"https:\/\/fincafideguet.com\/en\/wp-json\/wp\/v2\/tags?post=1288"}],"curies":[{"name":"wp","href":"https:\/\/api.w.org\/{rel}","templated":true}]}}