{"id":714,"date":"2023-03-15T14:20:04","date_gmt":"2023-03-15T13:20:04","guid":{"rendered":"https:\/\/fincafideguet.com\/maria-michael-their-wedding-at-our-wedding-estate-in-alicante\/"},"modified":"2023-05-22T17:24:21","modified_gmt":"2023-05-22T15:24:21","slug":"maria-michael-their-wedding-at-our-wedding-estate-in-alicante","status":"publish","type":"post","link":"https:\/\/fincafideguet.com\/en\/maria-michael-their-wedding-at-our-wedding-estate-in-alicante\/","title":{"rendered":"Mar\u00eda &amp; Michael. Their wedding at our Wedding Estate in Alicante"},"content":{"rendered":"\n<p>Our wedding venue in Alicante is gearing up again in 2023, with enthusiasm and excitement to become a unique and leading space where many couples will say &#8216;I do&#8217; this year and in the years to come.<\/p>\n\n<p>Today we remember the wedding of Mar\u00eda &amp; Michael, a wedding filled with magic, and where Mar\u00eda&#8217;s constant smile was the main protagonist They were both ecstatic! No wonder, on such a special day like this. <\/p>\n\n<p>The photographs we are sharing throughout this post are from <a rel=\"noreferrer noopener\" href=\"https:\/\/www.sagradostudios.com\/\" target=\"_blank\">Alberto Sagrado Studios<\/a>, and in them, you will see the undeniable evidence of the happiness of the bride and groom, which they shared with each and every one of the guests.<\/p>\n\n<figure class=\"wp-block-gallery has-nested-images columns-default is-cropped wp-block-gallery-1 is-layout-flex wp-block-gallery-is-layout-flex\">\n<figure class=\"wp-block-image size-large\"><img fetchpriority=\"high\" decoding=\"async\" width=\"1024\" height=\"681\" data-id=\"423\" src=\"https:\/\/fincafideguet.com\/wp-content\/uploads\/2023\/03\/boda-alicante-maria-michael-fideguet-2.jpeg\" alt=\"\" class=\"wp-image-423\" srcset=\"https:\/\/fincafideguet.com\/wp-content\/uploads\/2023\/03\/boda-alicante-maria-michael-fideguet-2.jpeg 1024w, https:\/\/fincafideguet.com\/wp-content\/uploads\/2023\/03\/boda-alicante-maria-michael-fideguet-2-300x200.jpeg 300w, https:\/\/fincafideguet.com\/wp-content\/uploads\/2023\/03\/boda-alicante-maria-michael-fideguet-2-768x511.jpeg 768w\" sizes=\"(max-width: 1024px) 100vw, 1024px\" \/><\/figure>\n\n\n\n<figure class=\"wp-block-image size-large\"><img decoding=\"async\" width=\"1024\" height=\"681\" data-id=\"424\" src=\"https:\/\/fincafideguet.com\/wp-content\/uploads\/2023\/03\/boda-alicante-maria-michael-fideguet-3.jpeg\" alt=\"\" class=\"wp-image-424\" srcset=\"https:\/\/fincafideguet.com\/wp-content\/uploads\/2023\/03\/boda-alicante-maria-michael-fideguet-3.jpeg 1024w, https:\/\/fincafideguet.com\/wp-content\/uploads\/2023\/03\/boda-alicante-maria-michael-fideguet-3-300x200.jpeg 300w, https:\/\/fincafideguet.com\/wp-content\/uploads\/2023\/03\/boda-alicante-maria-michael-fideguet-3-768x511.jpeg 768w\" sizes=\"(max-width: 1024px) 100vw, 1024px\" \/><\/figure>\n\n\n\n<figure class=\"wp-block-image size-large\"><img decoding=\"async\" width=\"1024\" height=\"681\" data-id=\"425\" src=\"https:\/\/fincafideguet.com\/wp-content\/uploads\/2023\/03\/boda-alicante-maria-michael-fideguet-1.jpeg\" alt=\"\" class=\"wp-image-425\" srcset=\"https:\/\/fincafideguet.com\/wp-content\/uploads\/2023\/03\/boda-alicante-maria-michael-fideguet-1.jpeg 1024w, https:\/\/fincafideguet.com\/wp-content\/uploads\/2023\/03\/boda-alicante-maria-michael-fideguet-1-300x200.jpeg 300w, https:\/\/fincafideguet.com\/wp-content\/uploads\/2023\/03\/boda-alicante-maria-michael-fideguet-1-768x511.jpeg 768w\" sizes=\"(max-width: 1024px) 100vw, 1024px\" \/><\/figure>\n\n\n\n<figure class=\"wp-block-image size-large\"><img loading=\"lazy\" decoding=\"async\" width=\"1024\" height=\"681\" data-id=\"426\" src=\"https:\/\/fincafideguet.com\/wp-content\/uploads\/2023\/03\/boda-alicante-maria-michael-fideguet-4.jpeg\" alt=\"\" class=\"wp-image-426\" srcset=\"https:\/\/fincafideguet.com\/wp-content\/uploads\/2023\/03\/boda-alicante-maria-michael-fideguet-4.jpeg 1024w, https:\/\/fincafideguet.com\/wp-content\/uploads\/2023\/03\/boda-alicante-maria-michael-fideguet-4-300x200.jpeg 300w, https:\/\/fincafideguet.com\/wp-content\/uploads\/2023\/03\/boda-alicante-maria-michael-fideguet-4-768x511.jpeg 768w\" sizes=\"(max-width: 1024px) 100vw, 1024px\" \/><\/figure>\n<\/figure>\n\n<h2 class=\"wp-block-heading\">Finca Fideg\u00fcet, wedding venue in Alicante<\/h2>\n\n<p>The wedding of Mar\u00eda &amp; Michael that we are showcasing is just one of the infinite wedding ideas that you can bring to life on such a special day like this<\/p>\n\n<p>In this case, the event spaces were organized as follows: the ceremony took place in the Pinada, the meal was served in the Main Hall, and the dancing and open bar were set up in the Patio de los Olivos.<\/p>\n\n<p>Our venue is equipped to meet many of the needs that may arise during the planning and organization of an event like this. Therefore, we are at your disposal throughout the entire process to provide support and assistance with whatever you may need.<\/p>\n\n<figure class=\"wp-block-gallery has-nested-images columns-2 is-cropped wp-block-gallery-2 is-layout-flex wp-block-gallery-is-layout-flex\">\n<figure class=\"wp-block-image size-large\"><img loading=\"lazy\" decoding=\"async\" width=\"1024\" height=\"681\" data-id=\"428\" src=\"https:\/\/fincafideguet.com\/wp-content\/uploads\/2023\/03\/boda-alicante-maria-michael-fideguet-8.jpeg\" alt=\"\" class=\"wp-image-428\" srcset=\"https:\/\/fincafideguet.com\/wp-content\/uploads\/2023\/03\/boda-alicante-maria-michael-fideguet-8.jpeg 1024w, https:\/\/fincafideguet.com\/wp-content\/uploads\/2023\/03\/boda-alicante-maria-michael-fideguet-8-300x200.jpeg 300w, https:\/\/fincafideguet.com\/wp-content\/uploads\/2023\/03\/boda-alicante-maria-michael-fideguet-8-768x511.jpeg 768w\" sizes=\"(max-width: 1024px) 100vw, 1024px\" \/><\/figure>\n\n\n\n<figure class=\"wp-block-image size-large\"><img loading=\"lazy\" decoding=\"async\" width=\"1024\" height=\"681\" data-id=\"427\" src=\"https:\/\/fincafideguet.com\/wp-content\/uploads\/2023\/03\/boda-alicante-maria-michael-fideguet-7.jpeg\" alt=\"\" class=\"wp-image-427\" srcset=\"https:\/\/fincafideguet.com\/wp-content\/uploads\/2023\/03\/boda-alicante-maria-michael-fideguet-7.jpeg 1024w, https:\/\/fincafideguet.com\/wp-content\/uploads\/2023\/03\/boda-alicante-maria-michael-fideguet-7-300x200.jpeg 300w, https:\/\/fincafideguet.com\/wp-content\/uploads\/2023\/03\/boda-alicante-maria-michael-fideguet-7-768x511.jpeg 768w\" sizes=\"(max-width: 1024px) 100vw, 1024px\" \/><\/figure>\n\n\n\n<figure class=\"wp-block-image size-large\"><img loading=\"lazy\" decoding=\"async\" width=\"1024\" height=\"681\" data-id=\"430\" src=\"https:\/\/fincafideguet.com\/wp-content\/uploads\/2023\/03\/boda-alicante-maria-michael-fideguet-6.jpeg\" alt=\"\" class=\"wp-image-430\" srcset=\"https:\/\/fincafideguet.com\/wp-content\/uploads\/2023\/03\/boda-alicante-maria-michael-fideguet-6.jpeg 1024w, https:\/\/fincafideguet.com\/wp-content\/uploads\/2023\/03\/boda-alicante-maria-michael-fideguet-6-300x200.jpeg 300w, https:\/\/fincafideguet.com\/wp-content\/uploads\/2023\/03\/boda-alicante-maria-michael-fideguet-6-768x511.jpeg 768w\" sizes=\"(max-width: 1024px) 100vw, 1024px\" \/><\/figure>\n\n\n\n<figure class=\"wp-block-image size-large\"><img loading=\"lazy\" decoding=\"async\" width=\"1024\" height=\"681\" data-id=\"431\" src=\"https:\/\/fincafideguet.com\/wp-content\/uploads\/2023\/03\/boda-alicante-maria-michael-fideguet-12.jpeg\" alt=\"\" class=\"wp-image-431\" srcset=\"https:\/\/fincafideguet.com\/wp-content\/uploads\/2023\/03\/boda-alicante-maria-michael-fideguet-12.jpeg 1024w, https:\/\/fincafideguet.com\/wp-content\/uploads\/2023\/03\/boda-alicante-maria-michael-fideguet-12-300x200.jpeg 300w, https:\/\/fincafideguet.com\/wp-content\/uploads\/2023\/03\/boda-alicante-maria-michael-fideguet-12-768x511.jpeg 768w\" sizes=\"(max-width: 1024px) 100vw, 1024px\" \/><\/figure>\n\n\n\n<figure class=\"wp-block-image size-large\"><img loading=\"lazy\" decoding=\"async\" width=\"1024\" height=\"681\" data-id=\"429\" src=\"https:\/\/fincafideguet.com\/wp-content\/uploads\/2023\/03\/boda-alicante-maria-michael-fideguet-13.jpeg\" alt=\"\" class=\"wp-image-429\" srcset=\"https:\/\/fincafideguet.com\/wp-content\/uploads\/2023\/03\/boda-alicante-maria-michael-fideguet-13.jpeg 1024w, https:\/\/fincafideguet.com\/wp-content\/uploads\/2023\/03\/boda-alicante-maria-michael-fideguet-13-300x200.jpeg 300w, https:\/\/fincafideguet.com\/wp-content\/uploads\/2023\/03\/boda-alicante-maria-michael-fideguet-13-768x511.jpeg 768w\" sizes=\"(max-width: 1024px) 100vw, 1024px\" \/><\/figure>\n<\/figure>\n\n<h3 class=\"wp-block-heading\">More details of Maria &amp; Michael&#8217;s wedding<\/h3>\n\n<p><a href=\"https:\/\/www.palomacruzeventos.com\/\" target=\"_blank\" rel=\"noreferrer noopener\">Paloma Cruz<\/a> was the Wedding Planner in charge of preparing and planning the event.<\/p>\n\n<p>Mar\u00eda wore a Jes\u00fas Peidr\u00f3 dress, the shoes were by Pedro Miralles, Iv\u00e1n de Sagoa styled her hair with a beautiful slightly disheveled braid, <a rel=\"noreferrer noopener\" href=\"https:\/\/www.makeupzone.net\/\" target=\"_blank\">Mar\u00eda Catal\u00e1<\/a> make up was very natural, and the headdress that the Paloma Cruz team made by hand gave the final touch to the bride&#8217;s outfit. The bridal bouquet was from La trastienda Florister\u00eda, full of color and natural flowers, classic and small daisies, even heather, and floral decorations\u2026 Marta and Estela, always such artists!<\/p>\n\n<figure class=\"wp-block-gallery has-nested-images columns-1 is-cropped wp-block-gallery-3 is-layout-flex wp-block-gallery-is-layout-flex\">\n<figure class=\"wp-block-image size-large\"><img loading=\"lazy\" decoding=\"async\" width=\"1024\" height=\"681\" data-id=\"434\" src=\"https:\/\/fincafideguet.com\/wp-content\/uploads\/2023\/03\/boda-alicante-maria-michael-fideguet-10.jpeg\" alt=\"\" class=\"wp-image-434\" srcset=\"https:\/\/fincafideguet.com\/wp-content\/uploads\/2023\/03\/boda-alicante-maria-michael-fideguet-10.jpeg 1024w, https:\/\/fincafideguet.com\/wp-content\/uploads\/2023\/03\/boda-alicante-maria-michael-fideguet-10-300x200.jpeg 300w, https:\/\/fincafideguet.com\/wp-content\/uploads\/2023\/03\/boda-alicante-maria-michael-fideguet-10-768x511.jpeg 768w\" sizes=\"(max-width: 1024px) 100vw, 1024px\" \/><\/figure>\n\n\n\n<figure class=\"wp-block-image size-large\"><img loading=\"lazy\" decoding=\"async\" width=\"1024\" height=\"681\" data-id=\"432\" src=\"https:\/\/fincafideguet.com\/wp-content\/uploads\/2023\/03\/boda-alicante-maria-michael-fideguet-11.jpeg\" alt=\"\" class=\"wp-image-432\" srcset=\"https:\/\/fincafideguet.com\/wp-content\/uploads\/2023\/03\/boda-alicante-maria-michael-fideguet-11.jpeg 1024w, https:\/\/fincafideguet.com\/wp-content\/uploads\/2023\/03\/boda-alicante-maria-michael-fideguet-11-300x200.jpeg 300w, https:\/\/fincafideguet.com\/wp-content\/uploads\/2023\/03\/boda-alicante-maria-michael-fideguet-11-768x511.jpeg 768w\" sizes=\"(max-width: 1024px) 100vw, 1024px\" \/><\/figure>\n\n\n\n<figure class=\"wp-block-image size-large\"><img loading=\"lazy\" decoding=\"async\" width=\"1024\" height=\"683\" data-id=\"437\" src=\"https:\/\/fincafideguet.com\/wp-content\/uploads\/2023\/03\/boda-alicante-maria-michael-fideguet-15-1024x683.jpeg\" alt=\"\" class=\"wp-image-437\" srcset=\"https:\/\/fincafideguet.com\/wp-content\/uploads\/2023\/03\/boda-alicante-maria-michael-fideguet-15-1024x683.jpeg 1024w, https:\/\/fincafideguet.com\/wp-content\/uploads\/2023\/03\/boda-alicante-maria-michael-fideguet-15-300x200.jpeg 300w, https:\/\/fincafideguet.com\/wp-content\/uploads\/2023\/03\/boda-alicante-maria-michael-fideguet-15-768x512.jpeg 768w, https:\/\/fincafideguet.com\/wp-content\/uploads\/2023\/03\/boda-alicante-maria-michael-fideguet-15.jpeg 1500w\" sizes=\"(max-width: 1024px) 100vw, 1024px\" \/><\/figure>\n\n\n\n<figure class=\"wp-block-image size-large\"><img loading=\"lazy\" decoding=\"async\" width=\"1024\" height=\"681\" data-id=\"435\" src=\"https:\/\/fincafideguet.com\/wp-content\/uploads\/2023\/03\/boda-alicante-maria-michael-fideguet-16.jpeg\" alt=\"\" class=\"wp-image-435\" srcset=\"https:\/\/fincafideguet.com\/wp-content\/uploads\/2023\/03\/boda-alicante-maria-michael-fideguet-16.jpeg 1024w, https:\/\/fincafideguet.com\/wp-content\/uploads\/2023\/03\/boda-alicante-maria-michael-fideguet-16-300x200.jpeg 300w, https:\/\/fincafideguet.com\/wp-content\/uploads\/2023\/03\/boda-alicante-maria-michael-fideguet-16-768x511.jpeg 768w\" sizes=\"(max-width: 1024px) 100vw, 1024px\" \/><\/figure>\n\n\n\n<figure class=\"wp-block-image size-large\"><img loading=\"lazy\" decoding=\"async\" width=\"1024\" height=\"681\" data-id=\"433\" src=\"https:\/\/fincafideguet.com\/wp-content\/uploads\/2023\/03\/boda-alicante-maria-michael-fideguet-17.jpeg\" alt=\"\" class=\"wp-image-433\" srcset=\"https:\/\/fincafideguet.com\/wp-content\/uploads\/2023\/03\/boda-alicante-maria-michael-fideguet-17.jpeg 1024w, https:\/\/fincafideguet.com\/wp-content\/uploads\/2023\/03\/boda-alicante-maria-michael-fideguet-17-300x200.jpeg 300w, https:\/\/fincafideguet.com\/wp-content\/uploads\/2023\/03\/boda-alicante-maria-michael-fideguet-17-768x511.jpeg 768w\" sizes=\"(max-width: 1024px) 100vw, 1024px\" \/><\/figure>\n\n\n\n<figure class=\"wp-block-image size-large\"><img loading=\"lazy\" decoding=\"async\" width=\"1024\" height=\"681\" data-id=\"436\" src=\"https:\/\/fincafideguet.com\/wp-content\/uploads\/2023\/03\/boda-alicante-maria-michael-fideguet.jpeg\" alt=\"\" class=\"wp-image-436\" srcset=\"https:\/\/fincafideguet.com\/wp-content\/uploads\/2023\/03\/boda-alicante-maria-michael-fideguet.jpeg 1024w, https:\/\/fincafideguet.com\/wp-content\/uploads\/2023\/03\/boda-alicante-maria-michael-fideguet-300x200.jpeg 300w, https:\/\/fincafideguet.com\/wp-content\/uploads\/2023\/03\/boda-alicante-maria-michael-fideguet-768x511.jpeg 768w\" sizes=\"(max-width: 1024px) 100vw, 1024px\" \/><\/figure>\n<\/figure>\n","protected":false},"excerpt":{"rendered":"<p>Our wedding venue in Alicante is gearing up again in 2023, with enthusiasm and excitement to become a unique and leading space where many couples will say &#8216;I do&#8217; this year and in the years to come. Today we remember the wedding of Mar\u00eda &amp; Michael, a wedding filled with magic, and where Mar\u00eda&#8217;s constant [&hellip;]<\/p>\n","protected":false},"author":3,"featured_media":615,"comment_status":"open","ping_status":"open","sticky":false,"template":"","format":"standard","meta":{"footnotes":""},"categories":[50],"tags":[64,63,66,67,65],"class_list":["post-714","post","type-post","status-publish","format-standard","has-post-thumbnail","hentry","category-finca-fideguet-en","tag-alicante-en","tag-finca-fideguet-en","tag-mediterranean-wedding","tag-wedding-in-alicante-en","tag-weddings"],"yoast_head":"<!-- This site is optimized with the Yoast SEO plugin v27.0 - https:\/\/yoast.com\/product\/yoast-seo-wordpress\/ -->\n<title>Mar\u00eda &amp; Michael. Their wedding at our Wedding Estate in Alicante - Finca Fideguet<\/title>\n<meta name=\"robots\" content=\"index, follow, max-snippet:-1, max-image-preview:large, max-video-preview:-1\" \/>\n<link rel=\"canonical\" href=\"https:\/\/fincafideguet.com\/en\/maria-michael-their-wedding-at-our-wedding-estate-in-alicante\/\" \/>\n<meta property=\"og:locale\" content=\"en_US\" \/>\n<meta property=\"og:type\" content=\"article\" \/>\n<meta property=\"og:title\" content=\"Mar\u00eda &amp; Michael. Their wedding at our Wedding Estate in Alicante - Finca Fideguet\" \/>\n<meta property=\"og:description\" content=\"Our wedding venue in Alicante is gearing up again in 2023, with enthusiasm and excitement to become a unique and leading space where many couples will say &#8216;I do&#8217; this year and in the years to come. Today we remember the wedding of Mar\u00eda &amp; Michael, a wedding filled with magic, and where Mar\u00eda&#8217;s constant [&hellip;]\" \/>\n<meta property=\"og:url\" content=\"https:\/\/fincafideguet.com\/en\/maria-michael-their-wedding-at-our-wedding-estate-in-alicante\/\" \/>\n<meta property=\"og:site_name\" content=\"Finca Fideguet\" \/>\n<meta property=\"article:published_time\" content=\"2023-03-15T13:20:04+00:00\" \/>\n<meta property=\"article:modified_time\" content=\"2023-05-22T15:24:21+00:00\" \/>\n<meta property=\"og:image\" content=\"https:\/\/fincafideguet.com\/wp-content\/uploads\/2023\/03\/boda-alicante-maria-michael-fideguet-4.jpeg\" \/>\n\t<meta property=\"og:image:width\" content=\"1024\" \/>\n\t<meta property=\"og:image:height\" content=\"681\" \/>\n\t<meta property=\"og:image:type\" content=\"image\/jpeg\" \/>\n<meta name=\"author\" content=\"Jess\" \/>\n<meta name=\"twitter:card\" content=\"summary_large_image\" \/>\n<meta name=\"twitter:label1\" content=\"Written by\" \/>\n\t<meta name=\"twitter:data1\" content=\"Jess\" \/>\n\t<meta name=\"twitter:label2\" content=\"Est. reading time\" \/>\n\t<meta name=\"twitter:data2\" content=\"2 minutes\" \/>\n<script type=\"application\/ld+json\" class=\"yoast-schema-graph\">{\"@context\":\"https:\/\/schema.org\",\"@graph\":[{\"@type\":\"Article\",\"@id\":\"https:\/\/fincafideguet.com\/en\/maria-michael-their-wedding-at-our-wedding-estate-in-alicante\/#article\",\"isPartOf\":{\"@id\":\"https:\/\/fincafideguet.com\/en\/maria-michael-their-wedding-at-our-wedding-estate-in-alicante\/\"},\"author\":{\"name\":\"Jess\",\"@id\":\"https:\/\/fincafideguet.com\/en\/#\/schema\/person\/e663e6d988f130fdec59913a15c903c9\"},\"headline\":\"Mar\u00eda &amp; Michael. Their wedding at our Wedding Estate in Alicante\",\"datePublished\":\"2023-03-15T13:20:04+00:00\",\"dateModified\":\"2023-05-22T15:24:21+00:00\",\"mainEntityOfPage\":{\"@id\":\"https:\/\/fincafideguet.com\/en\/maria-michael-their-wedding-at-our-wedding-estate-in-alicante\/\"},\"wordCount\":354,\"commentCount\":0,\"image\":{\"@id\":\"https:\/\/fincafideguet.com\/en\/maria-michael-their-wedding-at-our-wedding-estate-in-alicante\/#primaryimage\"},\"thumbnailUrl\":\"https:\/\/fincafideguet.com\/wp-content\/uploads\/2023\/03\/boda-alicante-maria-michael-fideguet-4.jpeg\",\"keywords\":[\"Alicante\",\"Finca Fideguet\",\"Mediterranean Wedding\",\"Wedding in Alicante\",\"Weddings\"],\"articleSection\":[\"FInca Fideguet\"],\"inLanguage\":\"en-US\",\"potentialAction\":[{\"@type\":\"CommentAction\",\"name\":\"Comment\",\"target\":[\"https:\/\/fincafideguet.com\/en\/maria-michael-their-wedding-at-our-wedding-estate-in-alicante\/#respond\"]}]},{\"@type\":\"WebPage\",\"@id\":\"https:\/\/fincafideguet.com\/en\/maria-michael-their-wedding-at-our-wedding-estate-in-alicante\/\",\"url\":\"https:\/\/fincafideguet.com\/en\/maria-michael-their-wedding-at-our-wedding-estate-in-alicante\/\",\"name\":\"Mar\u00eda &amp; Michael. Their wedding at our Wedding Estate in Alicante - Finca Fideguet\",\"isPartOf\":{\"@id\":\"https:\/\/fincafideguet.com\/en\/#website\"},\"primaryImageOfPage\":{\"@id\":\"https:\/\/fincafideguet.com\/en\/maria-michael-their-wedding-at-our-wedding-estate-in-alicante\/#primaryimage\"},\"image\":{\"@id\":\"https:\/\/fincafideguet.com\/en\/maria-michael-their-wedding-at-our-wedding-estate-in-alicante\/#primaryimage\"},\"thumbnailUrl\":\"https:\/\/fincafideguet.com\/wp-content\/uploads\/2023\/03\/boda-alicante-maria-michael-fideguet-4.jpeg\",\"datePublished\":\"2023-03-15T13:20:04+00:00\",\"dateModified\":\"2023-05-22T15:24:21+00:00\",\"author\":{\"@id\":\"https:\/\/fincafideguet.com\/en\/#\/schema\/person\/e663e6d988f130fdec59913a15c903c9\"},\"breadcrumb\":{\"@id\":\"https:\/\/fincafideguet.com\/en\/maria-michael-their-wedding-at-our-wedding-estate-in-alicante\/#breadcrumb\"},\"inLanguage\":\"en-US\",\"potentialAction\":[{\"@type\":\"ReadAction\",\"target\":[\"https:\/\/fincafideguet.com\/en\/maria-michael-their-wedding-at-our-wedding-estate-in-alicante\/\"]}]},{\"@type\":\"ImageObject\",\"inLanguage\":\"en-US\",\"@id\":\"https:\/\/fincafideguet.com\/en\/maria-michael-their-wedding-at-our-wedding-estate-in-alicante\/#primaryimage\",\"url\":\"https:\/\/fincafideguet.com\/wp-content\/uploads\/2023\/03\/boda-alicante-maria-michael-fideguet-4.jpeg\",\"contentUrl\":\"https:\/\/fincafideguet.com\/wp-content\/uploads\/2023\/03\/boda-alicante-maria-michael-fideguet-4.jpeg\",\"width\":1024,\"height\":681},{\"@type\":\"BreadcrumbList\",\"@id\":\"https:\/\/fincafideguet.com\/en\/maria-michael-their-wedding-at-our-wedding-estate-in-alicante\/#breadcrumb\",\"itemListElement\":[{\"@type\":\"ListItem\",\"position\":1,\"name\":\"Home\",\"item\":\"https:\/\/fincafideguet.com\/en\/\"},{\"@type\":\"ListItem\",\"position\":2,\"name\":\"Mar\u00eda &amp; Michael. Their wedding at our Wedding Estate in Alicante\"}]},{\"@type\":\"WebSite\",\"@id\":\"https:\/\/fincafideguet.com\/en\/#website\",\"url\":\"https:\/\/fincafideguet.com\/en\/\",\"name\":\"Finca Fideguet\",\"description\":\"Finca para bodas y eventos en Alicante, San Juan\",\"potentialAction\":[{\"@type\":\"SearchAction\",\"target\":{\"@type\":\"EntryPoint\",\"urlTemplate\":\"https:\/\/fincafideguet.com\/en\/?s={search_term_string}\"},\"query-input\":{\"@type\":\"PropertyValueSpecification\",\"valueRequired\":true,\"valueName\":\"search_term_string\"}}],\"inLanguage\":\"en-US\"},{\"@type\":\"Person\",\"@id\":\"https:\/\/fincafideguet.com\/en\/#\/schema\/person\/e663e6d988f130fdec59913a15c903c9\",\"name\":\"Jess\",\"image\":{\"@type\":\"ImageObject\",\"inLanguage\":\"en-US\",\"@id\":\"https:\/\/fincafideguet.com\/en\/#\/schema\/person\/image\/\",\"url\":\"https:\/\/secure.gravatar.com\/avatar\/b9f8c5df4498abf1d0257e9fa5712009141db2ed35cf9f30711ade06a1d68e73?s=96&d=mm&r=g\",\"contentUrl\":\"https:\/\/secure.gravatar.com\/avatar\/b9f8c5df4498abf1d0257e9fa5712009141db2ed35cf9f30711ade06a1d68e73?s=96&d=mm&r=g\",\"caption\":\"Jess\"},\"url\":\"https:\/\/fincafideguet.com\/en\/author\/jess\/\"}]}<\/script>\n<!-- \/ Yoast SEO plugin. -->","yoast_head_json":{"title":"Mar\u00eda &amp; Michael. Their wedding at our Wedding Estate in Alicante - Finca Fideguet","robots":{"index":"index","follow":"follow","max-snippet":"max-snippet:-1","max-image-preview":"max-image-preview:large","max-video-preview":"max-video-preview:-1"},"canonical":"https:\/\/fincafideguet.com\/en\/maria-michael-their-wedding-at-our-wedding-estate-in-alicante\/","og_locale":"en_US","og_type":"article","og_title":"Mar\u00eda &amp; Michael. Their wedding at our Wedding Estate in Alicante - Finca Fideguet","og_description":"Our wedding venue in Alicante is gearing up again in 2023, with enthusiasm and excitement to become a unique and leading space where many couples will say &#8216;I do&#8217; this year and in the years to come. Today we remember the wedding of Mar\u00eda &amp; Michael, a wedding filled with magic, and where Mar\u00eda&#8217;s constant [&hellip;]","og_url":"https:\/\/fincafideguet.com\/en\/maria-michael-their-wedding-at-our-wedding-estate-in-alicante\/","og_site_name":"Finca Fideguet","article_published_time":"2023-03-15T13:20:04+00:00","article_modified_time":"2023-05-22T15:24:21+00:00","og_image":[{"width":1024,"height":681,"url":"https:\/\/fincafideguet.com\/wp-content\/uploads\/2023\/03\/boda-alicante-maria-michael-fideguet-4.jpeg","type":"image\/jpeg"}],"author":"Jess","twitter_card":"summary_large_image","twitter_misc":{"Written by":"Jess","Est. reading time":"2 minutes"},"schema":{"@context":"https:\/\/schema.org","@graph":[{"@type":"Article","@id":"https:\/\/fincafideguet.com\/en\/maria-michael-their-wedding-at-our-wedding-estate-in-alicante\/#article","isPartOf":{"@id":"https:\/\/fincafideguet.com\/en\/maria-michael-their-wedding-at-our-wedding-estate-in-alicante\/"},"author":{"name":"Jess","@id":"https:\/\/fincafideguet.com\/en\/#\/schema\/person\/e663e6d988f130fdec59913a15c903c9"},"headline":"Mar\u00eda &amp; Michael. Their wedding at our Wedding Estate in Alicante","datePublished":"2023-03-15T13:20:04+00:00","dateModified":"2023-05-22T15:24:21+00:00","mainEntityOfPage":{"@id":"https:\/\/fincafideguet.com\/en\/maria-michael-their-wedding-at-our-wedding-estate-in-alicante\/"},"wordCount":354,"commentCount":0,"image":{"@id":"https:\/\/fincafideguet.com\/en\/maria-michael-their-wedding-at-our-wedding-estate-in-alicante\/#primaryimage"},"thumbnailUrl":"https:\/\/fincafideguet.com\/wp-content\/uploads\/2023\/03\/boda-alicante-maria-michael-fideguet-4.jpeg","keywords":["Alicante","Finca Fideguet","Mediterranean Wedding","Wedding in Alicante","Weddings"],"articleSection":["FInca Fideguet"],"inLanguage":"en-US","potentialAction":[{"@type":"CommentAction","name":"Comment","target":["https:\/\/fincafideguet.com\/en\/maria-michael-their-wedding-at-our-wedding-estate-in-alicante\/#respond"]}]},{"@type":"WebPage","@id":"https:\/\/fincafideguet.com\/en\/maria-michael-their-wedding-at-our-wedding-estate-in-alicante\/","url":"https:\/\/fincafideguet.com\/en\/maria-michael-their-wedding-at-our-wedding-estate-in-alicante\/","name":"Mar\u00eda &amp; Michael. Their wedding at our Wedding Estate in Alicante - Finca Fideguet","isPartOf":{"@id":"https:\/\/fincafideguet.com\/en\/#website"},"primaryImageOfPage":{"@id":"https:\/\/fincafideguet.com\/en\/maria-michael-their-wedding-at-our-wedding-estate-in-alicante\/#primaryimage"},"image":{"@id":"https:\/\/fincafideguet.com\/en\/maria-michael-their-wedding-at-our-wedding-estate-in-alicante\/#primaryimage"},"thumbnailUrl":"https:\/\/fincafideguet.com\/wp-content\/uploads\/2023\/03\/boda-alicante-maria-michael-fideguet-4.jpeg","datePublished":"2023-03-15T13:20:04+00:00","dateModified":"2023-05-22T15:24:21+00:00","author":{"@id":"https:\/\/fincafideguet.com\/en\/#\/schema\/person\/e663e6d988f130fdec59913a15c903c9"},"breadcrumb":{"@id":"https:\/\/fincafideguet.com\/en\/maria-michael-their-wedding-at-our-wedding-estate-in-alicante\/#breadcrumb"},"inLanguage":"en-US","potentialAction":[{"@type":"ReadAction","target":["https:\/\/fincafideguet.com\/en\/maria-michael-their-wedding-at-our-wedding-estate-in-alicante\/"]}]},{"@type":"ImageObject","inLanguage":"en-US","@id":"https:\/\/fincafideguet.com\/en\/maria-michael-their-wedding-at-our-wedding-estate-in-alicante\/#primaryimage","url":"https:\/\/fincafideguet.com\/wp-content\/uploads\/2023\/03\/boda-alicante-maria-michael-fideguet-4.jpeg","contentUrl":"https:\/\/fincafideguet.com\/wp-content\/uploads\/2023\/03\/boda-alicante-maria-michael-fideguet-4.jpeg","width":1024,"height":681},{"@type":"BreadcrumbList","@id":"https:\/\/fincafideguet.com\/en\/maria-michael-their-wedding-at-our-wedding-estate-in-alicante\/#breadcrumb","itemListElement":[{"@type":"ListItem","position":1,"name":"Home","item":"https:\/\/fincafideguet.com\/en\/"},{"@type":"ListItem","position":2,"name":"Mar\u00eda &amp; Michael. Their wedding at our Wedding Estate in Alicante"}]},{"@type":"WebSite","@id":"https:\/\/fincafideguet.com\/en\/#website","url":"https:\/\/fincafideguet.com\/en\/","name":"Finca Fideguet","description":"Finca para bodas y eventos en Alicante, San Juan","potentialAction":[{"@type":"SearchAction","target":{"@type":"EntryPoint","urlTemplate":"https:\/\/fincafideguet.com\/en\/?s={search_term_string}"},"query-input":{"@type":"PropertyValueSpecification","valueRequired":true,"valueName":"search_term_string"}}],"inLanguage":"en-US"},{"@type":"Person","@id":"https:\/\/fincafideguet.com\/en\/#\/schema\/person\/e663e6d988f130fdec59913a15c903c9","name":"Jess","image":{"@type":"ImageObject","inLanguage":"en-US","@id":"https:\/\/fincafideguet.com\/en\/#\/schema\/person\/image\/","url":"https:\/\/secure.gravatar.com\/avatar\/b9f8c5df4498abf1d0257e9fa5712009141db2ed35cf9f30711ade06a1d68e73?s=96&d=mm&r=g","contentUrl":"https:\/\/secure.gravatar.com\/avatar\/b9f8c5df4498abf1d0257e9fa5712009141db2ed35cf9f30711ade06a1d68e73?s=96&d=mm&r=g","caption":"Jess"},"url":"https:\/\/fincafideguet.com\/en\/author\/jess\/"}]}},"_links":{"self":[{"href":"https:\/\/fincafideguet.com\/en\/wp-json\/wp\/v2\/posts\/714","targetHints":{"allow":["GET"]}}],"collection":[{"href":"https:\/\/fincafideguet.com\/en\/wp-json\/wp\/v2\/posts"}],"about":[{"href":"https:\/\/fincafideguet.com\/en\/wp-json\/wp\/v2\/types\/post"}],"author":[{"embeddable":true,"href":"https:\/\/fincafideguet.com\/en\/wp-json\/wp\/v2\/users\/3"}],"replies":[{"embeddable":true,"href":"https:\/\/fincafideguet.com\/en\/wp-json\/wp\/v2\/comments?post=714"}],"version-history":[{"count":1,"href":"https:\/\/fincafideguet.com\/en\/wp-json\/wp\/v2\/posts\/714\/revisions"}],"predecessor-version":[{"id":715,"href":"https:\/\/fincafideguet.com\/en\/wp-json\/wp\/v2\/posts\/714\/revisions\/715"}],"wp:featuredmedia":[{"embeddable":true,"href":"https:\/\/fincafideguet.com\/en\/wp-json\/wp\/v2\/media\/615"}],"wp:attachment":[{"href":"https:\/\/fincafideguet.com\/en\/wp-json\/wp\/v2\/media?parent=714"}],"wp:term":[{"taxonomy":"category","embeddable":true,"href":"https:\/\/fincafideguet.com\/en\/wp-json\/wp\/v2\/categories?post=714"},{"taxonomy":"post_tag","embeddable":true,"href":"https:\/\/fincafideguet.com\/en\/wp-json\/wp\/v2\/tags?post=714"}],"curies":[{"name":"wp","href":"https:\/\/api.w.org\/{rel}","templated":true}]}}